{"id":3189,"date":"2025-04-15T09:00:00","date_gmt":"2025-04-15T07:00:00","guid":{"rendered":"https:\/\/www.media-ap.com\/lintelligence-artificielle-se-lie-de-plus-en-plus-a-la-mystique-radio-france\/"},"modified":"2025-04-15T09:00:00","modified_gmt":"2025-04-15T07:00:00","slug":"lintelligence-artificielle-se-lie-de-plus-en-plus-a-la-mystique-radio-france","status":"publish","type":"post","link":"https:\/\/www.media-ap.com\/en\/lintelligence-artificielle-se-lie-de-plus-en-plus-a-la-mystique-radio-france\/","title":{"rendered":"L&rsquo;intelligence artificielle se lie de plus en plus \u00e0 la mystique &#8211; Radio France&#8230;"},"content":{"rendered":"<p>L&rsquo;intelligence artificielle se lie de plus en plus \u00e0 la mystique &#8211; Radio France<br \/>\nJe viens de d\u00e9couvrir un article passionnant sur Radio France sur le lien grandissant entre l&rsquo;intelligence artificielle et la mystique. Oui oui, vous avez bien lu !<\/p>\n<p>L\u2019article explore comment l&rsquo;IA, au-del\u00e0 de ses prouesses technologiques, commence \u00e0 \u00eatre per\u00e7ue comme une entit\u00e9 quasi spirituelle. Certains parlent m\u00eame de conscience artificielle ou d\u2019oracle num\u00e9rique&#8230; fascinant non ? On y retrouve des chercheurs, des artistes, des philosophes qui s&rsquo;interrogent sur ce que repr\u00e9sente vraiment une machine capable de simuler l\u2019intuition ou de g\u00e9n\u00e9rer des r\u00e9ponses qu\u2019on ne comprend pas toujours.<\/p>\n<p>Cela me parle particuli\u00e8rement, car plus on avance, plus je pense que la technologie ne se r\u00e9sume pas simplement \u00e0 des algorithmes. Elle touche \u00e0 ce qu&rsquo;il y a de plus humain : le besoin de sens, de compr\u00e9hension de l\u2019invisible et parfois, de croyance.<\/p>\n<p>De l\u00e0 \u00e0 dire que l\u2019IA est devenue un nouveau mysticisme contemporain ? Peut-\u00eatre que oui. Peut-\u00eatre qu\u2019on cherche simplement dans ces syst\u00e8mes froids une nouvelle forme de transcendance num\u00e9ris\u00e9e.<\/p>\n<p>Bref, un article qui donne \u00e0 r\u00e9fl\u00e9chir. Je ne m\u2019attendais pas \u00e0 faire ce genre de parall\u00e8le ce matin, mais j\u2019avoue que \u00e7a m\u2019a un peu retourn\u00e9 le cerveau \ud83d\ude05<\/p>\n<p>Et vous, vous en pensez quoi ? Est-ce que l\u2019IA peut vraiment toucher au sacr\u00e9 ? Ou est-ce juste une projection de nos propres fantasmes humains ?<br \/>\nLien vers l&rsquo;article: <a href=\"https:\/\/news.google.com\/rss\/articles\/CBMi1gFBVV95cUxOS2J5aklkWWlzRFpjTEo1WFd0a01CaU51TnRvMmxXdjIxQXg5YVl2cmVLRy1nMV9SYnFTSS1wTEJpWnYweVVQREVOQnNXdzJXZ0hpQ002aDdRZ0phb2lQdDJ0R2NfQXU0aGZwdDl4LWFMc1BuWDczNmMtTlpDQlRPZ1kxcDJmWFljcllhQnpvN2hIWGVPOHJKVWxDYlRzdFVkNk1tdG1hRGR2RDN6US1iNHAxQ3JjeTdvQy1RRWZiN0o2UlBDeG1VeEZ2T1REZHhUWXluR3pR?oc=5\" target=\"_blank\" rel=\"noopener\">L&rsquo;intelligence artificielle se lie de plus en plus \u00e0 la mystique<\/a>&nbsp;&nbsp;<font color=\"#6f6f6f\">Radio France<\/font><\/p>","protected":false},"excerpt":{"rendered":"<p>L&rsquo;intelligence artificielle se lie de plus en plus \u00e0 la mystique &#8211; Radio France Je viens de d\u00e9couvrir un article passionnant sur Radio France sur le lien grandissant entre l&rsquo;intelligence artificielle et la mystique. Oui oui, vous avez bien lu ! L\u2019article explore comment l&rsquo;IA, au-del\u00e0 de ses prouesses technologiques, commence \u00e0 \u00eatre per\u00e7ue comme &hellip;<\/p>\n<p class=\"read-more\"> <a class=\"\" href=\"https:\/\/www.media-ap.com\/en\/lintelligence-artificielle-se-lie-de-plus-en-plus-a-la-mystique-radio-france\/\"> <span class=\"screen-reader-text\">L&rsquo;intelligence artificielle se lie de plus en plus \u00e0 la mystique &#8211; Radio France&#8230;<\/span> Read More &raquo;<\/a><\/p>","protected":false},"author":1,"featured_media":0,"comment_status":"","ping_status":"open","sticky":false,"template":"","format":"standard","meta":{"site-sidebar-layout":"default","site-content-layout":"","ast-site-content-layout":"","site-content-style":"default","site-sidebar-style":"default","ast-global-header-display":"","ast-banner-title-visibility":"","ast-main-header-display":"","ast-hfb-above-header-display":"","ast-hfb-below-header-display":"","ast-hfb-mobile-header-display":"","site-post-title":"","ast-breadcrumbs-content":"","ast-featured-img":"","footer-sml-layout":"","theme-transparent-header-meta":"","adv-header-id-meta":"","stick-header-meta":"","header-above-stick-meta":"","header-main-stick-meta":"","header-below-stick-meta":"","astra-migrate-meta-layouts":"","footnotes":""},"categories":[43],"tags":[],"_links":{"self":[{"href":"https:\/\/www.media-ap.com\/en\/wp-json\/wp\/v2\/posts\/3189"}],"collection":[{"href":"https:\/\/www.media-ap.com\/en\/wp-json\/wp\/v2\/posts"}],"about":[{"href":"https:\/\/www.media-ap.com\/en\/wp-json\/wp\/v2\/types\/post"}],"author":[{"embeddable":true,"href":"https:\/\/www.media-ap.com\/en\/wp-json\/wp\/v2\/users\/1"}],"replies":[{"embeddable":true,"href":"https:\/\/www.media-ap.com\/en\/wp-json\/wp\/v2\/comments?post=3189"}],"version-history":[{"count":0,"href":"https:\/\/www.media-ap.com\/en\/wp-json\/wp\/v2\/posts\/3189\/revisions"}],"wp:attachment":[{"href":"https:\/\/www.media-ap.com\/en\/wp-json\/wp\/v2\/media?parent=3189"}],"wp:term":[{"taxonomy":"category","embeddable":true,"href":"https:\/\/www.media-ap.com\/en\/wp-json\/wp\/v2\/categories?post=3189"},{"taxonomy":"post_tag","embeddable":true,"href":"https:\/\/www.media-ap.com\/en\/wp-json\/wp\/v2\/tags?post=3189"}],"curies":[{"name":"wp","href":"https:\/\/api.w.org\/{rel}","templated":true}]}}