{"id":3156,"date":"2025-03-19T07:00:08","date_gmt":"2025-03-19T06:00:08","guid":{"rendered":"https:\/\/www.media-ap.com\/avec-larrivee-de-lia-quest-devenue-la-competence-technique-en-entreprise-le-monde\/"},"modified":"2025-03-19T07:00:08","modified_gmt":"2025-03-19T06:00:08","slug":"avec-larrivee-de-lia-quest-devenue-la-competence-technique-en-entreprise-le-monde","status":"publish","type":"post","link":"https:\/\/www.media-ap.com\/en\/avec-larrivee-de-lia-quest-devenue-la-competence-technique-en-entreprise-le-monde\/","title":{"rendered":"Avec l\u2019arriv\u00e9e de l\u2019IA, qu\u2019est devenue la comp\u00e9tence technique en entreprise &#8211; Le Monde&#8230;"},"content":{"rendered":"<p>Avec l\u2019arriv\u00e9e de l\u2019IA, qu\u2019est devenue la comp\u00e9tence technique en entreprise &#8211; Le Monde<br \/>\nAvec l&rsquo;essor de l&rsquo;IA, la place de la comp\u00e9tence technique en entreprise est en pleine mutation. Une question se pose : doit-on encore ma\u00eetriser la technique quand les algorithmes peuvent ex\u00e9cuter des t\u00e2ches complexes en un clin d&rsquo;\u0153il ? <\/p>\n<p>Le Monde met en lumi\u00e8re cette transformation : autrefois incontournable, la ma\u00eetrise technique devient secondaire pour certains m\u00e9tiers. L&rsquo;IA automatise de nombreuses t\u00e2ches, rendant la compr\u00e9hension macro plus pr\u00e9cieuse que l\u2019expertise pointue sur un outil ou un langage pr\u00e9cis. Les entreprises recherchent d\u00e9sormais des profils capables de piloter ces technologies, de poser les bonnes questions et d\u2019avoir une vision globale. <\/p>\n<p>Mais attention, cela ne signifie pas que la comp\u00e9tence technique disparait. Elle \u00e9volue. \u00c0 mon sens, savoir utiliser l\u2019IA et en comprendre les limites devient une nouvelle forme d\u2019expertise. Ceux qui sauront faire le lien entre la technique et la strat\u00e9gie auront une longueur d\u2019avance. <\/p>\n<p>Faut-il encore apprendre \u00e0 coder ? Investir du temps pour perfectionner une comp\u00e9tence technique ? Oui, mais en gardant \u00e0 l&rsquo;esprit que la v\u00e9ritable valeur r\u00e9side de plus en plus dans notre capacit\u00e9 \u00e0 penser, interpr\u00e9ter et d\u00e9cider. <\/p>\n<p>Et vous, comment voyez-vous l&rsquo;\u00e9volution des comp\u00e9tences techniques dans votre m\u00e9tier ?<br \/>\nLien vers l&rsquo;article: <a href=\"https:\/\/news.google.com\/rss\/articles\/CBMi3gFBVV95cUxPM2JqSm5CQ1ZYNW14dVczUXBjcDJMWjBreW1qN1FpRmQyRjJyWkJVMnVvdVl3SkU5ZWZCbGg4YnR2RGdEX011ajkzSG44SXhCcEUzVk9JT1RaSFBPdm92QWRUY0JXT2RGVFppN1ZQSGszUnU1aXJQODVyWXp5c21aTXcteW5TdzhZVXF3aWNpLTNsWWMxbkh3SW8zSmI4ZmhtT0dpZDV0LTFFelVmdXRPX0tHbXJNN0poNkZsUnZiSnVsV1BYdWt3MW5nZzlzanM0eDA3eXZqNGUzWWx2TUE?oc=5\" target=\"_blank\" rel=\"noopener\">Avec l\u2019arriv\u00e9e de l\u2019IA, qu\u2019est devenue la comp\u00e9tence technique en entreprise<\/a>&nbsp;&nbsp;<font color=\"#6f6f6f\">Le Monde<\/font><\/p>","protected":false},"excerpt":{"rendered":"<p>Avec l\u2019arriv\u00e9e de l\u2019IA, qu\u2019est devenue la comp\u00e9tence technique en entreprise &#8211; Le Monde Avec l&rsquo;essor de l&rsquo;IA, la place de la comp\u00e9tence technique en entreprise est en pleine mutation. Une question se pose : doit-on encore ma\u00eetriser la technique quand les algorithmes peuvent ex\u00e9cuter des t\u00e2ches complexes en un clin d&rsquo;\u0153il ? Le Monde &hellip;<\/p>\n<p class=\"read-more\"> <a class=\"\" href=\"https:\/\/www.media-ap.com\/en\/avec-larrivee-de-lia-quest-devenue-la-competence-technique-en-entreprise-le-monde\/\"> <span class=\"screen-reader-text\">Avec l\u2019arriv\u00e9e de l\u2019IA, qu\u2019est devenue la comp\u00e9tence technique en entreprise &#8211; Le Monde&#8230;<\/span> Read More &raquo;<\/a><\/p>","protected":false},"author":1,"featured_media":0,"comment_status":"","ping_status":"open","sticky":false,"template":"","format":"standard","meta":{"site-sidebar-layout":"default","site-content-layout":"","ast-site-content-layout":"","site-content-style":"default","site-sidebar-style":"default","ast-global-header-display":"","ast-banner-title-visibility":"","ast-main-header-display":"","ast-hfb-above-header-display":"","ast-hfb-below-header-display":"","ast-hfb-mobile-header-display":"","site-post-title":"","ast-breadcrumbs-content":"","ast-featured-img":"","footer-sml-layout":"","theme-transparent-header-meta":"","adv-header-id-meta":"","stick-header-meta":"","header-above-stick-meta":"","header-main-stick-meta":"","header-below-stick-meta":"","astra-migrate-meta-layouts":"","footnotes":""},"categories":[43],"tags":[],"_links":{"self":[{"href":"https:\/\/www.media-ap.com\/en\/wp-json\/wp\/v2\/posts\/3156"}],"collection":[{"href":"https:\/\/www.media-ap.com\/en\/wp-json\/wp\/v2\/posts"}],"about":[{"href":"https:\/\/www.media-ap.com\/en\/wp-json\/wp\/v2\/types\/post"}],"author":[{"embeddable":true,"href":"https:\/\/www.media-ap.com\/en\/wp-json\/wp\/v2\/users\/1"}],"replies":[{"embeddable":true,"href":"https:\/\/www.media-ap.com\/en\/wp-json\/wp\/v2\/comments?post=3156"}],"version-history":[{"count":0,"href":"https:\/\/www.media-ap.com\/en\/wp-json\/wp\/v2\/posts\/3156\/revisions"}],"wp:attachment":[{"href":"https:\/\/www.media-ap.com\/en\/wp-json\/wp\/v2\/media?parent=3156"}],"wp:term":[{"taxonomy":"category","embeddable":true,"href":"https:\/\/www.media-ap.com\/en\/wp-json\/wp\/v2\/categories?post=3156"},{"taxonomy":"post_tag","embeddable":true,"href":"https:\/\/www.media-ap.com\/en\/wp-json\/wp\/v2\/tags?post=3156"}],"curies":[{"name":"wp","href":"https:\/\/api.w.org\/{rel}","templated":true}]}}