{"id":3155,"date":"2025-03-16T06:20:01","date_gmt":"2025-03-16T05:20:01","guid":{"rendered":"https:\/\/www.media-ap.com\/il-va-y-avoir-besoin-dun-bon-millier-demplois-un-data-center-dedie-a-lintelligence-artificiel\/"},"modified":"2025-03-16T06:20:01","modified_gmt":"2025-03-16T05:20:01","slug":"il-va-y-avoir-besoin-dun-bon-millier-demplois-un-data-center-dedie-a-lintelligence-artificiel","status":"publish","type":"post","link":"https:\/\/www.media-ap.com\/en\/il-va-y-avoir-besoin-dun-bon-millier-demplois-un-data-center-dedie-a-lintelligence-artificiel\/","title":{"rendered":"\u00ab\u00a0Il va y avoir besoin d&rsquo;un bon millier d&#8217;emplois\u00a0\u00bb : un data center d\u00e9di\u00e9 \u00e0 l&rsquo;intelligence artificiel&#8230;"},"content":{"rendered":"<p>\u00ab\u00a0Il va y avoir besoin d&rsquo;un bon millier d&#8217;emplois\u00a0\u00bb : un data center d\u00e9di\u00e9 \u00e0 l&rsquo;intelligence artificielle va s&rsquo;installer pr\u00e8s de Valence &#8211; France 3 R\u00e9gions<br \/>\nUn nouveau tournant pour l\u2019intelligence artificielle en France ! Un immense data center d\u00e9di\u00e9 \u00e0 l\u2019IA va bient\u00f4t voir le jour pr\u00e8s de Valence, dans la Dr\u00f4me. Ce projet, port\u00e9 par l\u2019entreprise QScale, repr\u00e9sente un investissement colossal d\u2019environ 3 milliards d\u2019euros et devrait g\u00e9n\u00e9rer pr\u00e8s d\u2019un millier d\u2019emplois, aussi bien dans la tech que dans la maintenance et la logistique.  <\/p>\n<p>Avec une surface pr\u00e9vue de 300 000 m\u00b2, ce centre de donn\u00e9es sera l\u2019un des plus grands d\u2019Europe. Son objectif : fournir la puissance de calcul n\u00e9cessaire aux avanc\u00e9es de l\u2019IA, tout en mettant en avant une approche plus \u00e9co-responsable avec la r\u00e9cup\u00e9ration de chaleur pour des infrastructures locales.  <\/p>\n<p>C\u2019est une excellente nouvelle pour la r\u00e9gion et pour la fili\u00e8re num\u00e9rique en France. Voir de tels projets se d\u00e9velopper ici plut\u00f4t qu\u2019ailleurs prouve qu\u2019on a de vrais atouts \u00e0 faire valoir ! Par contre, il faudra \u00eatre au rendez-vous en terme de formation pour r\u00e9pondre \u00e0 cet \u00e9norme besoin en comp\u00e9tences&#8230; Un vrai d\u00e9fi pour les ann\u00e9es \u00e0 venir ! Vous en pensez quoi ?<br \/>\nLien vers l&rsquo;article: <a href=\"https:\/\/news.google.com\/rss\/articles\/CBMivgJBVV95cUxNb3hBa3RjY180X2tpYk00ZjhWRzRlckljY3V5M1VUU19oOEFNVzdhUXItM1VhNjhBVGYyNEZGQ1JEVGR0WmtTTGpybEIyb3k4cVpOOUR3N0RxMlhTSTNkTzRxVGYyRE5CYzFDXy1sZk4wb29qZE9NM05uOUlUUFhsMUtQbldjTDF0VEZLZV9ZQVJLVkg3bFVfWWxzWDR2akt4UlhabTBVTEdlSkRBeWFlcGtwUHNyYl9xSzdSdFJCTzJJR1FJWVRTSGNqQTdNcmhnMEFaNDdDY2tnTWhRcnFkSEhaMUo5RkJKdWZ2US1xaHRDTkZKTkFEVnduUHhNX2JzcWc5dDJIN2VMbnItZzFtSkRQUldmby1OU3lxdU54UFVJLUllbU9qczFEcWtqODJ0TDlDeFQtd0V0XzN3WXc?oc=5\" target=\"_blank\" rel=\"noopener\">\u00ab\u00a0Il va y avoir besoin d&rsquo;un bon millier d&#8217;emplois\u00a0\u00bb : un data center d\u00e9di\u00e9 \u00e0 l&rsquo;intelligence artificielle va s&rsquo;installer pr\u00e8s de Valence<\/a>&nbsp;&nbsp;<font color=\"#6f6f6f\">France 3 R\u00e9gions<\/font><\/p>","protected":false},"excerpt":{"rendered":"<p>\u00ab\u00a0Il va y avoir besoin d&rsquo;un bon millier d&#8217;emplois\u00a0\u00bb : un data center d\u00e9di\u00e9 \u00e0 l&rsquo;intelligence artificielle va s&rsquo;installer pr\u00e8s de Valence &#8211; France 3 R\u00e9gions Un nouveau tournant pour l\u2019intelligence artificielle en France ! Un immense data center d\u00e9di\u00e9 \u00e0 l\u2019IA va bient\u00f4t voir le jour pr\u00e8s de Valence, dans la Dr\u00f4me. Ce projet, &hellip;<\/p>\n<p class=\"read-more\"> <a class=\"\" href=\"https:\/\/www.media-ap.com\/en\/il-va-y-avoir-besoin-dun-bon-millier-demplois-un-data-center-dedie-a-lintelligence-artificiel\/\"> <span class=\"screen-reader-text\">\u00ab\u00a0Il va y avoir besoin d&rsquo;un bon millier d&#8217;emplois\u00a0\u00bb : un data center d\u00e9di\u00e9 \u00e0 l&rsquo;intelligence artificiel&#8230;<\/span> Read More &raquo;<\/a><\/p>","protected":false},"author":1,"featured_media":0,"comment_status":"","ping_status":"open","sticky":false,"template":"","format":"standard","meta":{"site-sidebar-layout":"default","site-content-layout":"","ast-site-content-layout":"","site-content-style":"default","site-sidebar-style":"default","ast-global-header-display":"","ast-banner-title-visibility":"","ast-main-header-display":"","ast-hfb-above-header-display":"","ast-hfb-below-header-display":"","ast-hfb-mobile-header-display":"","site-post-title":"","ast-breadcrumbs-content":"","ast-featured-img":"","footer-sml-layout":"","theme-transparent-header-meta":"","adv-header-id-meta":"","stick-header-meta":"","header-above-stick-meta":"","header-main-stick-meta":"","header-below-stick-meta":"","astra-migrate-meta-layouts":"","footnotes":""},"categories":[43],"tags":[],"_links":{"self":[{"href":"https:\/\/www.media-ap.com\/en\/wp-json\/wp\/v2\/posts\/3155"}],"collection":[{"href":"https:\/\/www.media-ap.com\/en\/wp-json\/wp\/v2\/posts"}],"about":[{"href":"https:\/\/www.media-ap.com\/en\/wp-json\/wp\/v2\/types\/post"}],"author":[{"embeddable":true,"href":"https:\/\/www.media-ap.com\/en\/wp-json\/wp\/v2\/users\/1"}],"replies":[{"embeddable":true,"href":"https:\/\/www.media-ap.com\/en\/wp-json\/wp\/v2\/comments?post=3155"}],"version-history":[{"count":0,"href":"https:\/\/www.media-ap.com\/en\/wp-json\/wp\/v2\/posts\/3155\/revisions"}],"wp:attachment":[{"href":"https:\/\/www.media-ap.com\/en\/wp-json\/wp\/v2\/media?parent=3155"}],"wp:term":[{"taxonomy":"category","embeddable":true,"href":"https:\/\/www.media-ap.com\/en\/wp-json\/wp\/v2\/categories?post=3155"},{"taxonomy":"post_tag","embeddable":true,"href":"https:\/\/www.media-ap.com\/en\/wp-json\/wp\/v2\/tags?post=3155"}],"curies":[{"name":"wp","href":"https:\/\/api.w.org\/{rel}","templated":true}]}}